{"id":9107,"date":"2026-04-24T23:44:09","date_gmt":"2026-04-24T21:44:09","guid":{"rendered":"https:\/\/www.equipesstmichel.org\/divi\/?p=9107"},"modified":"2026-04-24T23:44:17","modified_gmt":"2026-04-24T21:44:17","slug":"formulaire-dinscription-2026","status":"publish","type":"post","link":"http:\/\/www.equipesstmichel.org\/divi\/2026\/04\/24\/formulaire-dinscription-2026\/","title":{"rendered":"Formulaire d&rsquo;inscription 2026"},"content":{"rendered":"<p>[et_pb_section fb_built=\u00a0\u00bb1&Prime; _builder_version=\u00a0\u00bb4.4.7&Prime;][et_pb_row _builder_version=\u00a0\u00bb4.4.7&Prime;][et_pb_column type=\u00a0\u00bb4_4&Prime; _builder_version=\u00a0\u00bb4.4.7&Prime;][et_pb_text _builder_version=\u00a0\u00bb4.4.7&Prime;]<\/p>\n<p>&nbsp;<\/p>\n\n<div class=\"wpcf7 no-js\" id=\"wpcf7-f9103-o1\" lang=\"fr-BE\" dir=\"ltr\">\n<div class=\"screen-reader-response\"><p role=\"status\" aria-live=\"polite\" aria-atomic=\"true\"><\/p> <ul><\/ul><\/div>\n<form action=\"\/divi\/wp-json\/wp\/v2\/posts\/9107#wpcf7-f9103-o1\" method=\"post\" class=\"wpcf7-form init\" aria-label=\"Contact form\" novalidate=\"novalidate\" data-status=\"init\">\n<div style=\"display: none;\">\n<input type=\"hidden\" name=\"_wpcf7\" value=\"9103\" \/>\n<input type=\"hidden\" name=\"_wpcf7_version\" value=\"5.7.5.1\" \/>\n<input type=\"hidden\" name=\"_wpcf7_locale\" value=\"fr_BE\" \/>\n<input type=\"hidden\" name=\"_wpcf7_unit_tag\" value=\"wpcf7-f9103-o1\" \/>\n<input type=\"hidden\" name=\"_wpcf7_container_post\" value=\"0\" \/>\n<input type=\"hidden\" name=\"_wpcf7_posted_data_hash\" value=\"\" \/>\n<input type=\"hidden\" name=\"_wpcf7_recaptcha_response\" value=\"\" \/>\n<\/div>\n<h3>Merci de compl\u00e9ter tous les champs de ce formulaire\n<\/h3>\n<p> La mention (*) indique que le champ est obligatoire.\n<\/p>\n<p>Votre civilit\u00e9 (*): <span class=\"wpcf7-form-control-wrap\" data-name=\"your-civility\"><select class=\"wpcf7-form-control wpcf7-select wpcf7-validates-as-required\" aria-required=\"true\" aria-invalid=\"false\" name=\"your-civility\"><option value=\"M\">M<\/option><option value=\"Mme\">Mme<\/option><option value=\"Mlle\">Mlle<\/option><\/select><\/span>\n<\/p>\n<p>Votre pr\u00e9nom (*): <span class=\"wpcf7-form-control-wrap\" data-name=\"your-name\"><input size=\"40\" class=\"wpcf7-form-control wpcf7-text wpcf7-validates-as-required\" aria-required=\"true\" aria-invalid=\"false\" value=\"\" type=\"text\" name=\"your-name\" \/><\/span>\n<\/p>\n<p>Votre nom (*): <span class=\"wpcf7-form-control-wrap\" data-name=\"your-lastname\"><input size=\"40\" class=\"wpcf7-form-control wpcf7-text wpcf7-validates-as-required\" aria-required=\"true\" aria-invalid=\"false\" value=\"\" type=\"text\" name=\"your-lastname\" \/><\/span>\n<\/p>\n<p>Votre nom de jeune fille: <span class=\"wpcf7-form-control-wrap\" data-name=\"your-maiden-name\"><input size=\"40\" class=\"wpcf7-form-control wpcf7-text\" aria-invalid=\"false\" value=\"\" type=\"text\" name=\"your-maiden-name\" \/><\/span>\n<\/p>\n<p>Votre date de naissance (jj\/mm\/aaaa) (*): <span class=\"wpcf7-form-control-wrap\" data-name=\"your-birthdate\"><input size=\"40\" class=\"wpcf7-form-control wpcf7-text wpcf7-validates-as-required\" aria-required=\"true\" aria-invalid=\"false\" value=\"\" type=\"text\" name=\"your-birthdate\" \/><\/span>\n<\/p>\n<p>Vous devez avoir au moins 17 ans en 2026\n<\/p>\n<p><b>Votre adresse<\/b>\n<\/p>\n<p>Rue, num\u00e9ro et boite (*): <span class=\"wpcf7-form-control-wrap\" data-name=\"your-street\"><input size=\"40\" class=\"wpcf7-form-control wpcf7-text wpcf7-validates-as-required\" aria-required=\"true\" aria-invalid=\"false\" value=\"\" type=\"text\" name=\"your-street\" \/><\/span>\n<\/p>\n<p>Code postal (*): <span class=\"wpcf7-form-control-wrap\" data-name=\"your-postal-code\"><input size=\"40\" class=\"wpcf7-form-control wpcf7-text wpcf7-validates-as-required\" aria-required=\"true\" aria-invalid=\"false\" value=\"\" type=\"text\" name=\"your-postal-code\" \/><\/span>\n<\/p>\n<p>Commune (*): <span class=\"wpcf7-form-control-wrap\" data-name=\"your-town\"><input size=\"40\" class=\"wpcf7-form-control wpcf7-text wpcf7-validates-as-required\" aria-required=\"true\" aria-invalid=\"false\" value=\"\" type=\"text\" name=\"your-town\" \/><\/span>\n<\/p>\n<p><b>T\u00e9l\u00e9phone<\/b>\n<\/p>\n<p>Fixe : <span class=\"wpcf7-form-control-wrap\" data-name=\"your-tel\"><input size=\"40\" class=\"wpcf7-form-control wpcf7-text\" aria-invalid=\"false\" value=\"\" type=\"text\" name=\"your-tel\" \/><\/span>\n<\/p>\n<p>GSM (*): <span class=\"wpcf7-form-control-wrap\" data-name=\"your-mobile\"><input size=\"40\" class=\"wpcf7-form-control wpcf7-text wpcf7-validates-as-required\" aria-required=\"true\" aria-invalid=\"false\" value=\"\" type=\"text\" name=\"your-mobile\" \/><\/span>\n<\/p>\n<p>Votre email (*): <span class=\"wpcf7-form-control-wrap\" data-name=\"your-email\"><input size=\"40\" class=\"wpcf7-form-control wpcf7-text wpcf7-email wpcf7-validates-as-required wpcf7-validates-as-email\" aria-required=\"true\" aria-invalid=\"false\" value=\"\" type=\"email\" name=\"your-email\" \/><\/span>\n<\/p>\n<p>Email (de la personne qui effectuera les paiements) (*): <span class=\"wpcf7-form-control-wrap\" data-name=\"second-email\"><input size=\"40\" class=\"wpcf7-form-control wpcf7-text wpcf7-email wpcf7-validates-as-required wpcf7-validates-as-email\" aria-required=\"true\" aria-invalid=\"false\" value=\"\" type=\"email\" name=\"second-email\" \/><\/span>\n<\/p>\n<p>Profession et\/ou \u00e9tudes (*): <span class=\"wpcf7-form-control-wrap\" data-name=\"your-job\"><input size=\"40\" class=\"wpcf7-form-control wpcf7-text wpcf7-validates-as-required\" aria-required=\"true\" aria-invalid=\"false\" value=\"\" type=\"text\" name=\"your-job\" \/><\/span>\n<\/p>\n<p>Si vous \u00eates \u00e9tudiant, dans quel \u00e9tablissement \u00eates-vous ? <span class=\"wpcf7-form-control-wrap\" data-name=\"your-school\"><input size=\"40\" class=\"wpcf7-form-control wpcf7-text\" aria-invalid=\"false\" value=\"\" type=\"text\" name=\"your-school\" \/><\/span>\n<\/p>\n<p>Le mode de transport pr\u00e9f\u00e9r\u00e9 est le car. Pour les p\u00e8lerins qui voyagent en train (Uniquement Aller-Retour, nombre limit\u00e9 et pour les personnes autonomes sur le plan de la mobilit\u00e9 \u2013 suppl\u00e9ment de 140 \u20ac), veuillez contacter au 0476\/96.40.12 avant le 20 mai\n<\/p>\n<p>Veuillez choisir votre mode de transport aller :\n<\/p>\n<p>- Car : Coll\u00e8ge Saint-Michel (le 16\/08, cour primaire \u00e0 16h00, entr\u00e9e: en face du 67 rue du coll\u00e8ge St. Michel). Car Royal Class en voyage de Nuit.<br \/>\n- TGV : Je souhaite voyager en train (d\u00e9part de Rue Li\u00e9tart 31 \u00e0 1150 Bruxelles ) le 17\/8 matin (nombre tr\u00e8s limit\u00e9 et uniquement Aller-Retour, veuillez contacter le 0476 96 40 12 avant le 20 mai)<br \/>\n- Propres-Moyens Par mes propres moyens (familles)(Contacter d'abord le secr\u00e9tariat !)\n<\/p>\n<p>Mon mode de transport \u00e0 l'aller sera : <span class=\"wpcf7-form-control-wrap\" data-name=\"your-depature-location\"><select class=\"wpcf7-form-control wpcf7-select\" aria-invalid=\"false\" name=\"your-depature-location\"><option value=\"Car\">Car<\/option><option value=\"TGV\">TGV<\/option><option value=\"Propres-Moyens\">Propres-Moyens<\/option><\/select><\/span>\n<\/p>\n<p>Si vous venez par vos propres moyens, votre premier repas que vous prendrez avec nous sera celui du : <span class=\"wpcf7-form-control-wrap\" data-name=\"first-meal\"><select class=\"wpcf7-form-control wpcf7-select\" aria-invalid=\"false\" name=\"first-meal\"><option value=\"\"><\/option><option value=\"Midi\">Midi<\/option><option value=\"Soir\">Soir<\/option><\/select><\/span>\n<\/p>\n<p>Veuillez choisir votre mode de transport retour :\n<\/p>\n<p>- Car : Coll\u00e8ge Saint-Michel (le 23\/08, cour primaire \u00e0 9h00, entr\u00e9e: en face du 67 rue du coll\u00e8ge St. Michel). Car Royal Class en voyage de Nuit.<br \/>\n- TGV : Je souhaite voyager en train (d\u00e9part de Rue Li\u00e9tart 31 \u00e0 1150 Bruxelles ) le 17\/8 matin (nombre tr\u00e8s limit\u00e9 et uniquement Aller-Retour, veuillez contacter le 0476 96 40 12 avant le 20 mai)<br \/>\n- Propres-Moyens : Par mes propres moyens (familles).\n<\/p>\n<p>Mon mode de transport au retour sera : <span class=\"wpcf7-form-control-wrap\" data-name=\"your-arrival-location\"><select class=\"wpcf7-form-control wpcf7-select\" aria-invalid=\"false\" name=\"your-arrival-location\"><option value=\"Car\">Car<\/option><option value=\"TGV\">TGV<\/option><option value=\"Propres-Moyens\">Propres-Moyens<\/option><\/select><\/span>\n<\/p>\n<p>Si vous repartez par vos propres moyens, votre dernier repas que vous prendrez avec nous sera celui du : <span class=\"wpcf7-form-control-wrap\" data-name=\"last-meal\"><select class=\"wpcf7-form-control wpcf7-select\" aria-invalid=\"false\" name=\"last-meal\"><option value=\"\"><\/option><option value=\"Midi\">Midi<\/option><option value=\"Soir\">Soir<\/option><\/select><\/span>\n<\/p>\n<p>C\u2019est la premi\u00e8re fois que je viens et je connais les Equipes gr\u00e2ce \u00e0 :\n<\/p>\n<p><span class=\"wpcf7-form-control-wrap\" data-name=\"referal\"><textarea cols=\"40\" rows=\"10\" class=\"wpcf7-form-control wpcf7-textarea\" aria-invalid=\"false\" name=\"referal\"><\/textarea><\/span>\n<\/p>\n<p>Ce qui m\u2019am\u00e8ne \u00e0 participer, c\u2019est :\n<\/p>\n<p><span class=\"wpcf7-form-control-wrap\" data-name=\"objective\"><textarea cols=\"40\" rows=\"10\" class=\"wpcf7-form-control wpcf7-textarea\" aria-invalid=\"false\" name=\"objective\"><\/textarea><\/span>\n<\/p>\n<p>Venez-vous pour la premi\u00e8re fois ? <span class=\"wpcf7-form-control-wrap\" data-name=\"premiere-fois\"><select class=\"wpcf7-form-control wpcf7-select\" aria-invalid=\"false\" name=\"premiere-fois\"><option value=\"Non\">Non<\/option><option value=\"Oui\">Oui<\/option><\/select><\/span>\n<\/p>\n<p>Une \u00abapr\u00e8s-midi des nouveaux\u00bb sera organis\u00e9e le 16 ao\u00fbt 2026 matin au coll\u00e8ge St. Michel (entr\u00e9e: Cour primaire).\n<\/p>\n<p>La participation \u00e0 cet apr\u00e8s-midi est obligatoire pour tous les nouveaux jeunes accompagnants. Sinon il leur est demand\u00e9 de contacter la coordination des Equipes Saint-Michel au 0495\/773.779 le plus t\u00f4t possible afin de fixer un autre rendez-vous. Un p\u00e9l\u00e9, cela se pr\u00e9pare !\"\n<\/p>\n<p><span class=\"wpcf7-form-control-wrap\" data-name=\"commitment\"><span class=\"wpcf7-form-control wpcf7-checkbox wpcf7-validates-as-required\"><span class=\"wpcf7-list-item first last\"><input type=\"checkbox\" name=\"commitment[]\" value=\"(*) Je m\u2019engage \u00e0\" \/><span class=\"wpcf7-list-item-label\">(*) Je m\u2019engage \u00e0<\/span><\/span><\/span><\/span> respecter la Charte des Equipes Saint-Michel (voir <a href=\"https:\/\/www.equipesstmichel.org\/divi\/editos\/\" target=_blank> ici <\/a>), dont j\u2019ai pris connaissance.\n<\/p>\n<p><span class=\"wpcf7-form-control-wrap\" data-name=\"chambre0\"><span class=\"wpcf7-form-control wpcf7-checkbox wpcf7-validates-as-required\"><span class=\"wpcf7-list-item first last\"><input type=\"checkbox\" name=\"chambre0[]\" value=\"(*) Je suis au courant que j&#039;accompagne et partage ma chambre avec une personne ayant besoin d&#039;aide.\" \/><span class=\"wpcf7-list-item-label\">(*) Je suis au courant que j&#039;accompagne et partage ma chambre avec une personne ayant besoin d&#039;aide.<\/span><\/span><\/span><\/span>\n<\/p>\n<p>J\u2019ai d\u00e9j\u00e0 eu des contacts avec une personne en situation de handicap physique : <span class=\"wpcf7-form-control-wrap\" data-name=\"physic\"><select class=\"wpcf7-form-control wpcf7-select\" aria-invalid=\"false\" name=\"physic\"><option value=\"Non\">Non<\/option><option value=\"Oui\">Oui<\/option><\/select><\/span>.\n<\/p>\n<p>J\u2019ai d\u00e9j\u00e0 eu des contacts avec une personne en situation de handicap mental : <span class=\"wpcf7-form-control-wrap\" data-name=\"mental\"><select class=\"wpcf7-form-control wpcf7-select\" aria-invalid=\"false\" name=\"mental\"><option value=\"Non\">Non<\/option><option value=\"Oui\">Oui<\/option><\/select><\/span>.\n<\/p>\n<p><br \/>\n<span class=\"wpcf7-form-control-wrap\" data-name=\"opt-in\"><span class=\"wpcf7-form-control wpcf7-checkbox\"><span class=\"wpcf7-list-item first last\"><input type=\"checkbox\" name=\"opt-in[]\" value=\"J\u2019autorise les Equipes St-Michel \u00e0 utiliser mes coordonn\u00e9es \u00e0 des fins d\u2019information interne (tel l\u2019envoi du journal).\" \/><span class=\"wpcf7-list-item-label\">J\u2019autorise les Equipes St-Michel \u00e0 utiliser mes coordonn\u00e9es \u00e0 des fins d\u2019information interne (tel l\u2019envoi du journal).<\/span><\/span><\/span><\/span><br \/>\nSi vous ne souhaitez plus recevoir d\u2019informations concernant les Equipes St-Michel, ni figurer dans notre listing, vous pouvez vous d\u00e9sinscrire en envoyant un email \u00e0 sedesinscrire@equipesstmichel.org.\n<\/p>\n<p><b> Aide n\u00e9cessaire ? <\/b>\n<\/p>\n<p>Afin de mieux vivre notre p\u00e8lerinage et nous entraider les uns les autres, veuillez nous dire si vous avez besoin de :\n<\/p>\n<p><span class=\"wpcf7-form-control-wrap\" data-name=\"help-medicine\"><span class=\"wpcf7-form-control wpcf7-checkbox\"><span class=\"wpcf7-list-item first last\"><input type=\"checkbox\" name=\"help-medicine[]\" value=\"aide pour la prise des m\u00e9dicaments\" \/><span class=\"wpcf7-list-item-label\">aide pour la prise des m\u00e9dicaments<\/span><\/span><\/span><\/span><br \/>\n<span class=\"wpcf7-form-control-wrap\" data-name=\"help-meal\"><span class=\"wpcf7-form-control wpcf7-checkbox\"><span class=\"wpcf7-list-item first last\"><input type=\"checkbox\" name=\"help-meal[]\" value=\"aide pour les repas\" \/><span class=\"wpcf7-list-item-label\">aide pour les repas<\/span><\/span><\/span><\/span><br \/>\n<span class=\"wpcf7-form-control-wrap\" data-name=\"help-toileting\"><span class=\"wpcf7-form-control wpcf7-checkbox\"><span class=\"wpcf7-list-item first last\"><input type=\"checkbox\" name=\"help-toileting[]\" value=\"aide pour la toilette\" \/><span class=\"wpcf7-list-item-label\">aide pour la toilette<\/span><\/span><\/span><\/span><br \/>\n<span class=\"wpcf7-form-control-wrap\" data-name=\"help-care\"><span class=\"wpcf7-form-control wpcf7-checkbox\"><span class=\"wpcf7-list-item first last\"><input type=\"checkbox\" name=\"help-care[]\" value=\"aide pour les soins dans la vie quotidienne\" \/><span class=\"wpcf7-list-item-label\">aide pour les soins dans la vie quotidienne<\/span><\/span><\/span><\/span><br \/>\nautre : <span class=\"wpcf7-form-control-wrap\" data-name=\"help-other\"><input size=\"40\" class=\"wpcf7-form-control wpcf7-text\" aria-invalid=\"false\" value=\"\" type=\"text\" name=\"help-other\" \/><\/span>\n<\/p>\n<p><b> Chaise roulante <\/b>\n<\/p>\n<p> Si vous amenez votre chaise personnelle, choisissez \"Personnelle\", si vous souhaitez emprunter une voiturette \u00e0 Lourdes, choisissez \"Emprunt\", si cela ne vous concerne pas r\u00e9pondez \"non\"\n<\/p>\n<p>Chaise roulante ? <span class=\"wpcf7-form-control-wrap\" data-name=\"wheelchair\"><select class=\"wpcf7-form-control wpcf7-select\" aria-invalid=\"false\" name=\"wheelchair\"><option value=\"Non\">Non<\/option><option value=\"Personnelle\">Personnelle<\/option><option value=\"Emprunt\">Emprunt<\/option><\/select><\/span>\n<\/p>\n<p>NB : Si vous d\u00e9sirez une voiturette durant le p\u00e9l\u00e9, il est pr\u00e9f\u00e9rable de vous en procurer une en Belgique (via votre Mutuelle par exemple). Il est possible d\u2019emprunter une voiturette \u00e0 l\u2019Hospitalit\u00e9 de Lourdes moyennant le d\u00e9p\u00f4t d\u2019une caution de 40\u20ac.\n<\/p>\n<p>Je souhaite avoir une chambre seul(e) <span class=\"wpcf7-form-control-wrap\" data-name=\"single-room\"><select class=\"wpcf7-form-control wpcf7-select\" aria-invalid=\"false\" name=\"single-room\"><option value=\"Non\">Non<\/option><option value=\"Oui\">Oui<\/option><\/select><\/span>. (Nombre tr\u00e8s limit\u00e9, veuillez contacter le secr\u00e9tariat. Suppl\u00e9ment de 170\u20ac \u00e0 ajouter au virement).\n<\/p>\n<p>J\u2019ai moins de 12 ans et j\u2019aimerais participer aux activit\u00e9s du groupe enfants : <span class=\"wpcf7-form-control-wrap\" data-name=\"less-than-12\"><select class=\"wpcf7-form-control wpcf7-select\" aria-invalid=\"false\" name=\"less-than-12\"><option value=\"\"><\/option><option value=\"Oui\">Oui<\/option><option value=\"Non\">Non<\/option><\/select><\/span>.\n<\/p>\n<p><b> Instrument et groupe musique <\/b>\n<\/p>\n<p> Si vous jouez d\u2019un instrument de musique, veillez le pr\u00e9ciser : <span class=\"wpcf7-form-control-wrap\" data-name=\"music-instrument-text\"><input size=\"40\" class=\"wpcf7-form-control wpcf7-text\" aria-invalid=\"false\" value=\"\" type=\"text\" name=\"music-instrument-text\" \/><\/span>\n<\/p>\n<p> Je chante et je d\u00e9sire me joindre au groupe musique <span class=\"wpcf7-form-control-wrap\" data-name=\"music-sing\"><select class=\"wpcf7-form-control wpcf7-select\" aria-invalid=\"false\" name=\"music-sing\"><option value=\"Non\">Non<\/option><option value=\"Oui\">Oui<\/option><\/select><\/span>.\n<\/p>\n<p><b> R\u00e9gime <\/b>\n<\/p>\n<p>Je souhaite un menu : <span class=\"wpcf7-form-control-wrap\" data-name=\"Menu\"><span class=\"wpcf7-form-control wpcf7-checkbox wpcf7-exclusive-checkbox\"><span class=\"wpcf7-list-item first last\"><input type=\"checkbox\" name=\"Menu\" value=\"V\u00e9g\u00e9tarien\" \/><span class=\"wpcf7-list-item-label\">V\u00e9g\u00e9tarien<\/span><\/span><\/span><\/span>\n<\/p>\n<p>Je souhaite un menu : <span class=\"wpcf7-form-control-wrap\" data-name=\"Gluten\"><span class=\"wpcf7-form-control wpcf7-checkbox\"><span class=\"wpcf7-list-item first last\"><input type=\"checkbox\" name=\"Gluten[]\" value=\"Sans Gluten\" \/><span class=\"wpcf7-list-item-label\">Sans Gluten<\/span><\/span><\/span><\/span>\n<\/p>\n<p>Je souhaite un menu : <span class=\"wpcf7-form-control-wrap\" data-name=\"Lactose\"><span class=\"wpcf7-form-control wpcf7-checkbox\"><span class=\"wpcf7-list-item first last\"><input type=\"checkbox\" name=\"Lactose[]\" value=\"Sans Lactose\" \/><span class=\"wpcf7-list-item-label\">Sans Lactose<\/span><\/span><\/span><\/span>\n<\/p>\n<p><b> Foulard <\/b>\n<\/p>\n<p>Durant le p\u00e8lerinage, nous portons tous un foulard blanc \u00e0 bord rouge.\n<\/p>\n<p>Si vous amenez votre propre foulard, veuillez choisir l'option \"Propre\", \"Emprunt\" si vous souhaitez l'emprunter ou \"Achat\" si vous souhaitez l'acheter (+8 \u20ac) ...\n<\/p>\n<p><span class=\"wpcf7-form-control-wrap\" data-name=\"Foulard\"><select class=\"wpcf7-form-control wpcf7-select wpcf7-validates-as-required\" aria-required=\"true\" aria-invalid=\"false\" name=\"Foulard\"><option value=\"Emprunt\">Emprunt<\/option><option value=\"Propre\">Propre<\/option><option value=\"Achat\">Achat<\/option><\/select><\/span>\n<\/p>\n<p>Pour consulter la liste des prix et d'autres informations cliquez ici : <b><a href=\"http:\/\/www.equipesstmichel.org\/divi\/wp-content\/uploads\/2026\/04\/Formulaire-dinscription-2026.pdf\" target=_blank> Prix et autres informations<\/a><\/b>.\n<\/p>\n<p><span class=\"wpcf7-form-control-wrap\" data-name=\"acceptation\"><span class=\"wpcf7-form-control wpcf7-checkbox wpcf7-validates-as-required\"><span class=\"wpcf7-list-item first last\"><input type=\"checkbox\" name=\"acceptation[]\" value=\"(*) J&#039;ai pris connaissance des deux cadres suivants\" \/><span class=\"wpcf7-list-item-label\">(*) J&#039;ai pris connaissance des deux cadres suivants<\/span><\/span><\/span><\/span>\n<\/p>\n<div style=\"border:3px solid red; padding: 10px 10px 10px 10px;\">\n\t<ul>\n\t\t<li>\n\t\t\t<p>N\u2019oubliez pas d'envoyer les <b><a href=\"http:\/\/www.equipesstmichel.org\/divi\/wp-content\/uploads\/2026\/04\/Fiche-medicale-2026.pdf\" target=_blank>documents m\u00e9dicaux<\/a><\/b> \u00e0 l'adresse email medical@equipesstmichel.org. Ces documents sont \u00e0 remplir par tout le monde. L'envoi <b><a href=\"http:\/\/www.equipesstmichel.org\/divi\/wp-content\/uploads\/2026\/04\/Autorisation-Parentale-2026.pdf\" target=_blank>de l\u2019autorisation parentale<\/a><\/b> pour les mineurs non-accompagn\u00e9s doit imp\u00e9rativement se faire par email (un scan \u00e0 info@equipesstmichel.org) ou par courrier postal ! Les frais de rapatriement et de s\u00e9jour (quarantaine \u00e9ventuelle) de p\u00e8lerins ne sont pas pris en<br \/>\ncharge par les \u00c9quipes Saint-Michel.\n\t\t\t<\/p>\n\t\t<\/li>\n\t<\/ul>\n\t<div style=\"text-align:center;\">\n\t\t<p>Asbl Equipes Saint-Michel - Lourdes 2026\n\t\t<\/p>\n\t\t<p>Avenue de Tervueren, 85\n\t\t<\/p>\n\t\t<p>1040 Bruxelles\n\t\t<\/p>\n\t<\/div>\n<\/div>\n<div style=\"border:3px solid red; padding: 10px 10px 10px 10px;\">\n\t<div style=\"text-align:left;\">\n\t<\/div>\n<\/div>\n<div style=\"border:3px solid red; padding: 10px 10px 10px 10px;\">\n\t<div style=\"text-align:left;\">\n\t\t<div style=\"text-align:center;\">\n\t\t\t<p><b>Le prix du p\u00e8lerinage doit \u00eatre <u>imp\u00e9rativement vers\u00e9 avant le 1er Ao\u00fbt.<\/u> sur le compte :<\/b>\n\t\t\t<\/p>\n\t\t\t<h3>BE20 3100 0759 2156\n\t\t\t<\/h3>\n\t\t\t<p>Merci de mentionner le nom du p\u00e8lerin en communication.\n\t\t\t<\/p>\n\t\t\t<p>Des frais d'annulation vous seront compt\u00e9s en cas d'annulation apr\u00e8s le 1er juillet. Apr\u00e8s le 1er ao\u00fbt, le montant total est d\u00fb. Ces montants sont dus, m\u00eame si aucun acompte n'a \u00e9t\u00e9 pay\u00e9.\n\t\t\t<\/p>\n\t\t<\/div>\n\t\t<p style=\"font-size : 10px\">\n\t\t<\/p>\n\t\t<p style=\"line-height:15px;\" >L'ASBL \"Equipes Saint Michel\" (N\u00b0 BCE : 0478.027.579) a souscrit une\u00a0assurance\u00a0responsabilit\u00e9 civile pour couvrir les actes des volontaires entre eux et vis-\u00e0-vis de tiers . Elle n'a pas souscrit d'assurance concernant les dommages corporels, l'assistance \u00e0 l'\u00e9tranger ou l'assurance rapatriement. Les activit\u00e9s se font dans le cadre du \"volontariat\" (cfr Loi du 3\/7\/2005). Si vous \u00eates demandeur d'emploi, pr\u00e9pensionn\u00e9, en incapacit\u00e9 de travail, b\u00e9n\u00e9ficiaire du revenu d'int\u00e9gration sociale ou demandeur d'asile, veuillez contacter les organismes concern\u00e9s. Si vous souhaitez plus de renseignements, veuillez contacter le secr\u00e9tariat. Si vous ne souhaitez plus recevoir d\u2019informations concernant les Equipes St-Michel, ni figurer dans notre listing, vous pouvez vous d\u00e9sinscrire en envoyant un email \u00e0 sedesinscrire@equipesstmichel.org. Le Volontaire est li\u00e9 par le secret professionnel et \u00e0 un devoir de discr\u00e9tion. Il lui est interdit de divulguer toute information confidentielle aff\u00e9rente \u00e0 l\u2019association et aux personnes. Il sera particuli\u00e8rement attentif aux messages sur les r\u00e9seaux sociaux. Le Volontaire accepte d\u2019\u00eatre film\u00e9, photographi\u00e9 ou enregistr\u00e9. Les photos, vid\u00e9os et enregistrements sonores pourront \u00eatre utilis\u00e9s pour des publications internes et externes, sur tout type de support digital (en ce compris le site Internet et les r\u00e9seaux sociaux) ou imprim\u00e9, ou encore \u00e0 la radio ou t\u00e9l\u00e9vision. Cette autorisation est valable jusqu\u2019\u00e0 r\u00e9vocation expresse de la part du Volontaire, qui devra \u00eatre communiqu\u00e9e par \u00e9crit au Pr\u00e9sident du Conseil d'Administration des Equipes Saint-Michel. Vos donn\u00e9es seront trait\u00e9es en conformit\u00e9 avec le RGPD. Si vous souhaitez plus d\u2019informations, veuillez en faire la demande \u00e0 info@equipesstmichel.org.\n\t\t<\/p>\n\t<\/div>\n<\/div>\n<p>Vos \u00e9ventuelles remarques :\n<\/p>\n<p><span class=\"wpcf7-form-control-wrap\" data-name=\"your-message\"><textarea cols=\"40\" rows=\"10\" class=\"wpcf7-form-control wpcf7-textarea\" aria-invalid=\"false\" name=\"your-message\"><\/textarea><\/span>\n<\/p>\n<p>Pour toute information, contactez nous au 0495\/773.779 ou par mail \u00e0 info@equipesstmichel.org\n<\/p>\n<span class=\"wpcf7-form-control-wrap recaptcha\" data-name=\"recaptcha\"><span data-sitekey=\"6Lf62E4lAAAAAGXpm8ah0ZwQV1yebpIbjnJ8AURJ\" class=\"wpcf7-form-control g-recaptcha wpcf7-recaptcha\"><\/span>\r\n<noscript>\r\n\t<div class=\"grecaptcha-noscript\">\r\n\t\t<iframe src=\"https:\/\/www.google.com\/recaptcha\/api\/fallback?k=6Lf62E4lAAAAAGXpm8ah0ZwQV1yebpIbjnJ8AURJ\" frameborder=\"0\" scrolling=\"no\" width=\"310\" height=\"430\">\r\n\t\t<\/iframe>\r\n\t\t<textarea name=\"g-recaptcha-response\" rows=\"3\" cols=\"40\" placeholder=\"reCaptcha Response Here\">\r\n\t\t<\/textarea>\r\n\t<\/div>\r\n<\/noscript>\r\n<\/span>\n<p><input class=\"wpcf7-form-control has-spinner wpcf7-submit\" type=\"submit\" value=\"Envoyer\" \/>\n<\/p>\n<p>Apr\u00e8s avoir cliqu\u00e9 sur \"Envoyer\", votre demande d'inscription sera envoy\u00e9e aux Equipes et vous recevrez \u00e9galement une copie par mail\n<\/p>\n<p>Dans quelques jours, une confirmation indiquant le montant \u00e0 payer vous sera envoy\u00e9e par email.\n<\/p><div class=\"wpcf7-response-output\" aria-hidden=\"true\"><\/div>\n<\/form>\n<\/div>\n\n<p>[\/et_pb_text][\/et_pb_column][\/et_pb_row][\/et_pb_section]<\/p>\n","protected":false},"excerpt":{"rendered":"<p>[et_pb_section fb_built=\u00a0\u00bb1&Prime; _builder_version=\u00a0\u00bb4.4.7&Prime;][et_pb_row _builder_version=\u00a0\u00bb4.4.7&Prime;][et_pb_column type=\u00a0\u00bb4_4&Prime; _builder_version=\u00a0\u00bb4.4.7&Prime;][et_pb_text _builder_version=\u00a0\u00bb4.4.7&Prime;] &nbsp; [\/et_pb_text][\/et_pb_column][\/et_pb_row][\/et_pb_section]<\/p>\n","protected":false},"author":1,"featured_media":0,"comment_status":"open","ping_status":"open","sticky":false,"template":"","format":"standard","meta":{"_et_pb_use_builder":"on","_et_pb_old_content":"","_et_gb_content_width":"","_mi_skip_tracking":false},"categories":[1],"tags":[],"aioseo_notices":[],"_links":{"self":[{"href":"http:\/\/www.equipesstmichel.org\/divi\/wp-json\/wp\/v2\/posts\/9107"}],"collection":[{"href":"http:\/\/www.equipesstmichel.org\/divi\/wp-json\/wp\/v2\/posts"}],"about":[{"href":"http:\/\/www.equipesstmichel.org\/divi\/wp-json\/wp\/v2\/types\/post"}],"author":[{"embeddable":true,"href":"http:\/\/www.equipesstmichel.org\/divi\/wp-json\/wp\/v2\/users\/1"}],"replies":[{"embeddable":true,"href":"http:\/\/www.equipesstmichel.org\/divi\/wp-json\/wp\/v2\/comments?post=9107"}],"version-history":[{"count":3,"href":"http:\/\/www.equipesstmichel.org\/divi\/wp-json\/wp\/v2\/posts\/9107\/revisions"}],"predecessor-version":[{"id":9113,"href":"http:\/\/www.equipesstmichel.org\/divi\/wp-json\/wp\/v2\/posts\/9107\/revisions\/9113"}],"wp:attachment":[{"href":"http:\/\/www.equipesstmichel.org\/divi\/wp-json\/wp\/v2\/media?parent=9107"}],"wp:term":[{"taxonomy":"category","embeddable":true,"href":"http:\/\/www.equipesstmichel.org\/divi\/wp-json\/wp\/v2\/categories?post=9107"},{"taxonomy":"post_tag","embeddable":true,"href":"http:\/\/www.equipesstmichel.org\/divi\/wp-json\/wp\/v2\/tags?post=9107"}],"curies":[{"name":"wp","href":"https:\/\/api.w.org\/{rel}","templated":true}]}}